{"id":1045,"date":"2016-10-30T09:46:53","date_gmt":"2016-10-30T09:46:53","guid":{"rendered":"http:\/\/paletsdfusta.com\/?p=1045"},"modified":"2018-09-05T12:22:18","modified_gmt":"2018-09-05T12:22:18","slug":"fira-2016","status":"publish","type":"post","link":"https:\/\/paletsdfusta.com\/es\/fira-2016\/","title":{"rendered":"Fira 2016"},"content":{"rendered":"<p>Peque\u00f1a colaboraci\u00f3n en el acto de presentaci\u00f3n de dos magnificos productos de gran calidad, como son el vinagre de mesa &#8220;CAL T\u00c0RRECH&#8221; y &#8220;AVELLANA NEGRETA AMB CLOSCA tostada al horno de le\u00f1a&#8221; por parte de L&#8217;AVELLANERA, dentro el marco de la &#8220;FIRA 2016&#8221; a La Selva del Camp.<\/p>\n<div id=\"attachment_1044\" style=\"width: 310px\" class=\"wp-caption aligncenter\"><a href=\"http:\/\/paletsdfusta.com\/fira-2016\/img_20161028_204818\/\" rel=\"attachment wp-att-1044\"><img fetchpriority=\"high\" decoding=\"async\" aria-describedby=\"caption-attachment-1044\" class=\"wp-image-1044 size-medium\" src=\"http:\/\/paletsdfusta.com\/wp-content\/uploads\/2016\/10\/IMG_20161028_204818-300x225.jpg\" alt=\"img_20161028_204818\" width=\"300\" height=\"225\" srcset=\"https:\/\/paletsdfusta.com\/wp-content\/uploads\/2016\/10\/IMG_20161028_204818-300x225.jpg 300w, https:\/\/paletsdfusta.com\/wp-content\/uploads\/2016\/10\/IMG_20161028_204818-768x576.jpg 768w, https:\/\/paletsdfusta.com\/wp-content\/uploads\/2016\/10\/IMG_20161028_204818-1024x768.jpg 1024w, https:\/\/paletsdfusta.com\/wp-content\/uploads\/2016\/10\/IMG_20161028_204818-600x450.jpg 600w, https:\/\/paletsdfusta.com\/wp-content\/uploads\/2016\/10\/IMG_20161028_204818.jpg 1600w\" sizes=\"(max-width: 300px) 100vw, 300px\" \/><\/a><p id=\"caption-attachment-1044\" class=\"wp-caption-text\">Muy buena FERIA 2016!!<\/p><\/div>\n","protected":false},"excerpt":{"rendered":"<p>Peque\u00f1a colaboraci\u00f3n en el acto de presentaci\u00f3n de dos magnificos productos de gran calidad, como son el vinagre de mesa &#8220;CAL T\u00c0RRECH&#8221; y &#8220;AVELLANA NEGRETA AMB CLOSCA tostada al horno de le\u00f1a&#8221; por parte de L&#8217;AVELLANERA, dentro el marco de la &#8220;FIRA 2016&#8221; a La Selva del Camp.<\/p>\n","protected":false},"author":1,"featured_media":0,"comment_status":"closed","ping_status":"closed","sticky":false,"template":"","format":"standard","meta":{"footnotes":""},"categories":[1],"tags":[],"class_list":["post-1045","post","type-post","status-publish","format-standard","hentry","category-sin-categoria"],"translation":{"provider":"WPGlobus","version":"3.0.0","language":"es","enabled_languages":["ca","es","en"],"languages":{"ca":{"title":true,"content":true,"excerpt":false},"es":{"title":false,"content":true,"excerpt":false},"en":{"title":false,"content":false,"excerpt":false}}},"_links":{"self":[{"href":"https:\/\/paletsdfusta.com\/es\/wp-json\/wp\/v2\/posts\/1045","targetHints":{"allow":["GET"]}}],"collection":[{"href":"https:\/\/paletsdfusta.com\/es\/wp-json\/wp\/v2\/posts"}],"about":[{"href":"https:\/\/paletsdfusta.com\/es\/wp-json\/wp\/v2\/types\/post"}],"author":[{"embeddable":true,"href":"https:\/\/paletsdfusta.com\/es\/wp-json\/wp\/v2\/users\/1"}],"replies":[{"embeddable":true,"href":"https:\/\/paletsdfusta.com\/es\/wp-json\/wp\/v2\/comments?post=1045"}],"version-history":[{"count":5,"href":"https:\/\/paletsdfusta.com\/es\/wp-json\/wp\/v2\/posts\/1045\/revisions"}],"predecessor-version":[{"id":1050,"href":"https:\/\/paletsdfusta.com\/es\/wp-json\/wp\/v2\/posts\/1045\/revisions\/1050"}],"wp:attachment":[{"href":"https:\/\/paletsdfusta.com\/es\/wp-json\/wp\/v2\/media?parent=1045"}],"wp:term":[{"taxonomy":"category","embeddable":true,"href":"https:\/\/paletsdfusta.com\/es\/wp-json\/wp\/v2\/categories?post=1045"},{"taxonomy":"post_tag","embeddable":true,"href":"https:\/\/paletsdfusta.com\/es\/wp-json\/wp\/v2\/tags?post=1045"}],"curies":[{"name":"wp","href":"https:\/\/api.w.org\/{rel}","templated":true}]}}